{"id":3932,"date":"2024-06-27T09:49:52","date_gmt":"2024-06-27T07:49:52","guid":{"rendered":"https:\/\/www.hall32.fr\/ecole\/?post_type=article&#038;p=3932"},"modified":"2024-06-27T09:49:53","modified_gmt":"2024-06-27T07:49:53","slug":"challenge-des-metiers-de-lindustrie-x-chroniquhall","status":"publish","type":"article","link":"https:\/\/www.hall32.fr\/ecole\/article\/challenge-des-metiers-de-lindustrie-x-chroniquhall\/","title":{"rendered":"Challenge des m\u00e9tiers de l&rsquo;industrie x Chroniqu&rsquo;Hall"},"content":{"rendered":"<!-- START OF : Composant : block-periscope-theme-section-composant-image-pleine-largeur.php -->\n<!-- END OF : Composant : block-periscope-theme-section-composant-image-pleine-largeur.php -->\n\n\n<!-- START OF : Composant : block-periscope-theme-section-composant-two-columns.php -->\n<div class=\"espace \ud83d\ude80 mb-7 mb-lg-14\">\n\t<div class=\"container\">\n\t\t<div class=\"row\">\n\t\t\t<div class=\"col-lg-10 offset-lg-1\">\n\t\t\t\t<div class=\"two-columns row  overflow-hidden\">\n\t<div class=\"col-lg-6 order-last order-lg-first\" data-aos=\"fade-right\">\n\t\t\t\t\t\t\t<\/div>\n\t<\/div>\t\t\t<\/div>\n\t\t<\/div>\n\t<\/div>\n<\/div>\n<!-- END OF : Composant : block-periscope-theme-section-composant-two-columns.php -->\n\n\n<div class=\"espace \ud83d\ude80 mb-7 mb-lg-7 \" data-aos=\"fade-up\">\n        <div class=\"container\">\n<p>Hall 32 a \u00e0 c\u0153ur de mettre en avant les comp\u00e9tences de ses apprenants en participant \u00e0 des projets p\u00e9dagogiques.<\/p>\n <\/div>\n        <\/div>\n\n<div class=\"espace \ud83d\ude80 mb-7 mb-lg-7 \" data-aos=\"fade-up\">\n        <div class=\"container\">\n<p>Cette ann\u00e9e, 2 projets ont anim\u00e9 la scolarit\u00e9 de certain de nos apprenants&nbsp;: le challenge des m\u00e9tiers de l\u2019industrie et Chroniqu\u2019hall. Pour tout savoir sur ces deux projets, lisez la suite de l\u2019article&nbsp;!<\/p>\n <\/div>\n        <\/div>\n\n<!-- START OF : Composant : block-periscope-theme-section-composant-image-pleine-largeur.php -->\n\t<div class=\"espace \ud83d\ude80 bg-section-image-fullwidth mb-7 mb-lg-14\">\n\t<div class=\"image-fullwidth\">\n\t\t<picture class=\"d-block ratio\">\n\t\t\t<img decoding=\"async\" src=\"https:\/\/www.hall32.fr\/ecole\/wp-content\/uploads\/sites\/2\/2024\/06\/5N5A6158-min-scaled.jpg\" loading=\"lazy\" alt=\"\" \/>\n\t\t<\/picture>\n\t\t\t\t\t<p class=\"image__legend pt-1 text-center text-lg-end\">chalenge des m\u00e9tiers de l&rsquo;industrie 2024<\/p>\n\t\t\t<\/div>\n<\/div>\n\t<!-- END OF : Composant : block-periscope-theme-section-composant-image-pleine-largeur.php -->\n\n\n<!-- START OF : Composant : block-periscope-theme-section-composant-intertitre.php -->\n\n<div class=\"espace \ud83d\ude80\" data-aos=\"fade-up\">\n\t<div class=\"container\">\n\t\t<h2 class=\"h2 text-danger\">C&#039;est quoi le Challenge des m\u00e9tiers de l&#039;industrie ?<\/h2>\n\t<\/div>\n<\/div>\n<!-- END OF : Composant : block-periscope-theme-section-composant-intertitre.php -->\n\n\n<div class=\"espace \ud83d\ude80 mb-7 mb-lg-7 \" data-aos=\"fade-up\">\n        <div class=\"container\">\n<p>Le challenge des m\u00e9tiers de l\u2019industrie est un concours qui permet \u00e0 des coll\u00e9giens de d\u00e9couvrir les m\u00e9tiers de l\u2019industrie \u00e0 travers un projet p\u00e9dagogique. Chaque \u00e9quipe doit concevoir une petite voiture de course sur la base d\u2019un cahier des charges. 6 \u00e9tablissements scolaires ont particip\u00e9 cette ann\u00e9e.<\/p>\n <\/div>\n        <\/div>\n\n<!-- START OF : Composant : block-periscope-theme-section-composant-two-columns.php -->\n<div class=\"espace \ud83d\ude80 mb-7 mb-lg-14\">\n\t<div class=\"container\">\n\t\t<div class=\"row\">\n\t\t\t<div class=\"col-lg-10 offset-lg-1\">\n\t\t\t\t<div class=\"two-columns row flex-row-reverse overflow-hidden\">\n\t<div class=\"col-lg-6 order-last order-lg-first\" data-aos=\"fade-right\">\n\t\t\t\t\t\t<p>La finale du Challenge des m\u00e9tiers s\u2019est tenue le 7 juin \u00e0 Hall 32. Lors de la finale, chaque \u00e9quipe participe \u00e0 2 courses. Entre les deux courses, les \u00e9l\u00e8ves n\u2019ont pas le droit de faire de modification sur leur voiture. La voiture doit se d\u00e9placer en ligne droite et s\u2019arr\u00eater \u00e0 un point donn\u00e9.\r\n\r\n\r\n\r\nPlusieurs prix \u00e9taient d\u00e9cern\u00e9s : prix des m\u00e9tiers de l\u2019industrie, prix de la meilleure communication, prix du meilleur design de produit, prix de l\u2019innovation et de la technicit\u00e9, prix sp\u00e9cial de l\u2019engagement, prix sp\u00e9cial du jury et le prix coup de c\u0153ur du jury. <\/p>\n\t\t\t\t\t<\/div>\n\t\t<div class=\"col-lg-6 mb-4 mb-lg-0\" data-aos=\"fade-left\">\n\t\t<picture class=\"d-block ratio ratio-1x1\">\n\t\t\t<img decoding=\"async\" src=\"https:\/\/www.hall32.fr\/ecole\/wp-content\/uploads\/sites\/2\/2024\/06\/5N5A6184-min-scaled.jpg\" width=\"443\" height=\"443\" alt=\"\" \/>\n\t\t<\/picture>\n\t\t<p class=\"pt-1 two-columns__legend image__legend\"><\/p>\n\t<\/div>\n\t<\/div>\t\t\t<\/div>\n\t\t<\/div>\n\t<\/div>\n<\/div>\n<!-- END OF : Composant : block-periscope-theme-section-composant-two-columns.php -->\n\n\n<!-- START OF : Composant : block-periscope-theme-section-composant-intertitre.php -->\n\n<div class=\"espace \ud83d\ude80\" data-aos=\"fade-up\">\n\t<div class=\"container\">\n\t\t<h2 class=\"h2 text-success\">Hall 32 avait son \u00e9quipe au Challenge des m\u00e9tiers ! <\/h2>\n\t<\/div>\n<\/div>\n<!-- END OF : Composant : block-periscope-theme-section-composant-intertitre.php -->\n\n\n<div class=\"espace \ud83d\ude80 mb-7 mb-lg-7 \" data-aos=\"fade-up\">\n        <div class=\"container\">\n<p>Hall 32 a mont\u00e9 une \u00e9quipe constitu\u00e9e de 8 PA pour participer au challenge des m\u00e9tiers. L\u2019\u00e9quipe \u00e9tait encadr\u00e9e par M\u00e9lanie Kitegi et Arthur Rivi\u00e8re qui les ont aid\u00e9s \u00e0 concevoir leur maquette.<\/p>\n <\/div>\n        <\/div>\n\n<div class=\"espace \ud83d\ude80 mb-7 mb-lg-7 \" data-aos=\"fade-up\">\n        <div class=\"container\">\n<p>Ils ont travaill\u00e9 pendant plusieurs mois, fait des tests pour voir ce qui fonctionnait le mieux pour que la voiture puisse gagner la course. Il a fallu partir d\u2019un kit de pi\u00e8ces et respecter un cahier des charges. Objectif&nbsp;: gagner la comp\u00e9tition&nbsp;!<\/p>\n <\/div>\n        <\/div>\n\n<div class=\"espace \ud83d\ude80 mb-7 mb-lg-7 \" data-aos=\"fade-up\">\n        <div class=\"container\">\n<p>Ils ont d\u00fb faire face \u00e0 plusieurs contraintes&nbsp;: des probl\u00e8mes techniques qui surviennent en cours de route et surtout la contrainte de temps pour fabriquer la voiture et qu\u2019elle soit pr\u00eate \u00e0 temps. C\u2019\u00e9tait une super exp\u00e9rience pour les jeunes de travailler sur un projet comme le challenge des m\u00e9tiers et apprendre nouvelles techniques comme l\u2019impression 3D ou encore la programmation.<\/p>\n <\/div>\n        <\/div>\n\n<!-- START OF : Composant : block-periscope-theme-section-composant-text-highlight.php -->\n<div class=\"bg-info\" data-aos=\"fade-up\">\n    <div class=\"container\">\n        <div class=\"text-highlight pt-7 pb-7 pt-lg-12 pb-lg-12 fs-18 fs-lg-20\">\n            <div class=\"row\">\n                <div class=\"col-lg-1 mb-3 mb-lg-0\">\n                    <div class=\"text-highlight__hachure\"><\/div>\n                <\/div>\n                <div class=\"col-lg-10\">\n                    <p>\u00ab Participer au Challenge des m\u00e9tiers de l\u2019industrie nous a permis d\u2019apprendre de nouvelles choses comme l\u2019utilisation de logiciels et la programmation. On a beaucoup aim\u00e9 travailler en \u00e9quipe \u00bb<\/p>\n                <\/div>\n            <\/div>\n        <\/div>\n    <\/div>\n<\/div>\n<!-- END OF : Composant : block-periscope-theme-section-composant-text-highlight.php -->\n\n\n<!-- START OF : Composant : block-periscope-theme-section-composant-espace.php -->\n<div class=\"espace \ud83d\ude80 mb-7 mb-lg-14\"><\/div>\n<!-- END OF : Composant : block-periscope-theme-section-composant-espace.php -->\n\n\n<!-- START OF : Composant : block-periscope-theme-section-composant-intertitre.php -->\n\n<div class=\"espace \ud83d\ude80\" data-aos=\"fade-up\">\n\t<div class=\"container\">\n\t\t<h2 class=\"h2 text-danger\">La newsletter Chroniqu&#039;Hall, qu&#039;est-ce que c&#039;est ?<\/h2>\n\t<\/div>\n<\/div>\n<!-- END OF : Composant : block-periscope-theme-section-composant-intertitre.php -->\n\n\n<div class=\"espace \ud83d\ude80 mb-7 mb-lg-7 \" data-aos=\"fade-up\">\n        <div class=\"container\">\n<p>Chroniqu\u2019hall c\u2019est la newsletter des \u00e9l\u00e8ves. Le nom a \u00e9t\u00e9 choisi en accord avec les \u00e9l\u00e8ves et en rapport avec le sujet&nbsp;: chronique pour le c\u00f4t\u00e9 journalistique de la newsletter et hall pour le clin d\u2019\u0153il \u00e0 Hall 32.<\/p>\n <\/div>\n        <\/div>\n\n<div class=\"espace \ud83d\ude80 mb-7 mb-lg-7 \" data-aos=\"fade-up\">\n        <div class=\"container\">\n<p>Toutes les 2 semaines, l\u2019\u00e9quipe de reporters Chroniqu\u2019hall compos\u00e9e de 4 PA (Lina, No\u00e9mie, Tim\u00e9o et Eliot) se sont r\u00e9uni afin d\u2019imaginer les sujets int\u00e9ressant \u00e0 aborder et d\u2019\u00e9crire une newsletter.<\/p>\n <\/div>\n        <\/div>\n\n<div class=\"espace \ud83d\ude80 mb-7 mb-lg-7 \" data-aos=\"fade-up\">\n        <div class=\"container\">\n<p>Cette newsletter est envoy\u00e9e aux personnels de Hall 32, aux parents des apprenants et \u00e9galement aux tuteurs d\u2019entreprises qui accueillent nos alternants. C\u2019est l\u2019occasion pour les apprenants de partager ce qu\u2019ils font au CFA et de partager la vie \u00e0 Hall 32.<\/p>\n <\/div>\n        <\/div>\n\n<!-- START OF : Composant : block-periscope-theme-section-composant-intertitre.php -->\n\n<div class=\"espace \ud83d\ude80\" data-aos=\"fade-up\">\n\t<div class=\"container\">\n\t\t<h2 class=\"h2 text-success\">Mais alors on parle de quoi dans la newsletter ?<\/h2>\n\t<\/div>\n<\/div>\n<!-- END OF : Composant : block-periscope-theme-section-composant-intertitre.php -->\n\n\n<!-- START OF : Composant : block-periscope-theme-section-composant-two-columns.php -->\n<div class=\"espace \ud83d\ude80 mb-7 mb-lg-14\">\n\t<div class=\"container\">\n\t\t<div class=\"row\">\n\t\t\t<div class=\"col-lg-10 offset-lg-1\">\n\t\t\t\t<div class=\"two-columns row  overflow-hidden\">\n\t<div class=\"col-lg-6 order-last order-lg-first\" data-aos=\"fade-right\">\n\t\t\t\t\t\t<p>Ce sont les apprenants qui parlent le mieux de Hall 32 alors ce sont eux qui prennent la parole ! Ils choisissent les th\u00e8mes \u00e0 aborder dans chaque newsletter. L\u2019objectif est de parler de ce qui se passe dans le centre : les projets en cours, les actualit\u00e9s, les nouveaut\u00e9s de Hall 32, des interviews de personnes qui y travaillent&#8230;\r\nA chaque fin de newsletter, on propose une playlist r\u00e9guli\u00e8rement mise \u00e0 jour. Elle est enrichie par les personnes qui participent de pr\u00e8s ou de loin \u00e0 l\u2019\u00e9criture de la newsletter : les apprenants, les encadrants et les personnes interview\u00e9s. \r\n<\/p>\n\t\t\t\t\t\t<a href=\"https:\/\/www.youtube.com\/watch?v=66-l-gO3IMY&#038;list=PLx-6_MuLdXs9EvP3Xqxml3M-QzMeyyn5s\" target=\"\" class=\"btn btn-dark\">La playlist Chroniqu&#039;Hall c&#039;est ici !<\/a>\n\t\t\t<\/div>\n\t\t<div class=\"col-lg-6 mb-4 mb-lg-0\" data-aos=\"fade-left\">\n\t\t<picture class=\"d-block ratio ratio-1x1\">\n\t\t\t<img decoding=\"async\" src=\"https:\/\/www.hall32.fr\/ecole\/wp-content\/uploads\/sites\/2\/2024\/06\/MicrosoftTeams-image-38.jpg\" width=\"443\" height=\"443\" alt=\"\" \/>\n\t\t<\/picture>\n\t\t<p class=\"pt-1 two-columns__legend image__legend\"><\/p>\n\t<\/div>\n\t<\/div>\t\t\t<\/div>\n\t\t<\/div>\n\t<\/div>\n<\/div>\n<!-- END OF : Composant : block-periscope-theme-section-composant-two-columns.php -->\n\n\n<!-- START OF : Composant : block-periscope-theme-section-composant-text-highlight.php -->\n<div class=\"bg-info\" data-aos=\"fade-up\">\n    <div class=\"container\">\n        <div class=\"text-highlight pt-7 pb-7 pt-lg-12 pb-lg-12 fs-18 fs-lg-20\">\n            <div class=\"row\">\n                <div class=\"col-lg-1 mb-3 mb-lg-0\">\n                    <div class=\"text-highlight__hachure\"><\/div>\n                <\/div>\n                <div class=\"col-lg-10\">\n                    <p>\u00ab Il y a des projets sur lesquels on a beaucoup aim\u00e9 travailler dessus comme par exemple l\u2019article sur le challenge des m\u00e9tiers et l\u2019interview de Mathys, un \u00e9l\u00e8ve de Hall 32, avec son tuteur en entreprise \u00bb<\/p>\n                <\/div>\n            <\/div>\n        <\/div>\n    <\/div>\n<\/div>\n<!-- END OF : Composant : block-periscope-theme-section-composant-text-highlight.php -->\n\n\n<!-- START OF : Composant : block-periscope-theme-section-composant-espace.php -->\n<div class=\"espace \ud83d\ude80 mb-7 mb-lg-14\"><\/div>\n<!-- END OF : Composant : block-periscope-theme-section-composant-espace.php -->\n\n\n<!-- START OF : Composant : block-periscope-theme-section-composant-espace.php -->\n<div class=\"espace \ud83d\ude80 mb-7 mb-lg-14\"><\/div>\n<!-- END OF : Composant : block-periscope-theme-section-composant-espace.php -->\n\n\n<div class=\"espace \ud83d\ude80 mb-7 mb-lg-7 \" data-aos=\"fade-up\">\n        <div class=\"container\">\n<p>Hall 32 a pour vocation de former les jeunes. En participant \u00e0 des projets comme le challenge des m\u00e9tier ou Chroniqu\u2019Hall, les \u00e9l\u00e8ves apprennent \u00e0 conduire un projet de A \u00e0 Z. Ils s\u2019impliquent dans ces projets hors des heures de cours habituels&nbsp;: un v\u00e9ritable + sur le CV&nbsp;!<\/p>\n <\/div>\n        <\/div>\n\n<div class=\"espace \ud83d\ude80 mb-7 mb-lg-7 \" data-aos=\"fade-up\">\n        <div class=\"container\">\n<p>En participant \u00e0 ce type de projet ludique, les apprenants d\u00e9veloppent des comp\u00e9tences utiles pour dans leur parcours professionnel. Avec le challenge des m\u00e9tiers, l\u2019esprit et le travail d\u2019\u00e9quipe est mis \u00e0 l\u2019honneur. En \u00e9crivant la newsletter Chroniqu\u2019hall, les apprenants d\u00e9veloppent leurs comp\u00e9tences en fran\u00e7ais et am\u00e9liorent leur esprit de synth\u00e8se.<\/p>\n <\/div>\n        <\/div>","protected":false},"excerpt":{"rendered":"<p>Hall 32 a \u00e0 c\u0153ur de mettre en avant les comp\u00e9tences de ses apprenants en participant \u00e0 des projets p\u00e9dagogiques. Cette ann\u00e9e, 2 projets ont anim\u00e9 la scolarit\u00e9 de certain de nos apprenants&nbsp;: le challenge des m\u00e9tiers de l\u2019industrie et Chroniqu\u2019hall. Pour tout savoir sur ces deux projets, lisez la suite de l\u2019article&nbsp;! Le challenge [&hellip;]<\/p>\n","protected":false},"featured_media":3935,"parent":0,"menu_order":0,"template":"","periscope_theme_tax":[3],"class_list":["post-3932","article","type-article","status-publish","has-post-thumbnail","hentry","periscope_theme_tax-challenge-des-metiers"],"acf":[],"yoast_head":"<!-- This site is optimized with the Yoast SEO plugin v25.9 - https:\/\/yoast.com\/wordpress\/plugins\/seo\/ -->\n<title>Challenge des m\u00e9tiers de l&#039;industrie x Chroniqu&#039;Hall - Ecole<\/title>\n<meta name=\"robots\" content=\"index, follow, max-snippet:-1, max-image-preview:large, max-video-preview:-1\" \/>\n<link rel=\"canonical\" href=\"https:\/\/www.hall32.fr\/ecole\/article\/challenge-des-metiers-de-lindustrie-x-chroniquhall\/\" \/>\n<meta property=\"og:locale\" content=\"fr_FR\" \/>\n<meta property=\"og:type\" content=\"article\" \/>\n<meta property=\"og:title\" content=\"Challenge des m\u00e9tiers de l&#039;industrie x Chroniqu&#039;Hall - Ecole\" \/>\n<meta property=\"og:description\" content=\"Hall 32 a \u00e0 c\u0153ur de mettre en avant les comp\u00e9tences de ses apprenants en participant \u00e0 des projets p\u00e9dagogiques. Cette ann\u00e9e, 2 projets ont anim\u00e9 la scolarit\u00e9 de certain de nos apprenants&nbsp;: le challenge des m\u00e9tiers de l\u2019industrie et Chroniqu\u2019hall. Pour tout savoir sur ces deux projets, lisez la suite de l\u2019article&nbsp;! Le challenge [&hellip;]\" \/>\n<meta property=\"og:url\" content=\"https:\/\/www.hall32.fr\/ecole\/article\/challenge-des-metiers-de-lindustrie-x-chroniquhall\/\" \/>\n<meta property=\"og:site_name\" content=\"Ecole\" \/>\n<meta property=\"article:modified_time\" content=\"2024-06-27T07:49:53+00:00\" \/>\n<meta property=\"og:image\" content=\"https:\/\/www.hall32.fr\/ecole\/wp-content\/uploads\/sites\/2\/2024\/06\/5N5A6158-min-scaled.jpg\" \/>\n\t<meta property=\"og:image:width\" content=\"2560\" \/>\n\t<meta property=\"og:image:height\" content=\"1707\" \/>\n\t<meta property=\"og:image:type\" content=\"image\/jpeg\" \/>\n<meta name=\"twitter:card\" content=\"summary_large_image\" \/>\n<meta name=\"twitter:label1\" content=\"Dur\u00e9e de lecture estim\u00e9e\" \/>\n\t<meta name=\"twitter:data1\" content=\"3 minutes\" \/>\n<script type=\"application\/ld+json\" class=\"yoast-schema-graph\">{\"@context\":\"https:\/\/schema.org\",\"@graph\":[{\"@type\":\"WebPage\",\"@id\":\"https:\/\/www.hall32.fr\/ecole\/article\/challenge-des-metiers-de-lindustrie-x-chroniquhall\/\",\"url\":\"https:\/\/www.hall32.fr\/ecole\/article\/challenge-des-metiers-de-lindustrie-x-chroniquhall\/\",\"name\":\"Challenge des m\u00e9tiers de l'industrie x Chroniqu'Hall - Ecole\",\"isPartOf\":{\"@id\":\"https:\/\/www.hall32.fr\/ecole\/#website\"},\"primaryImageOfPage\":{\"@id\":\"https:\/\/www.hall32.fr\/ecole\/article\/challenge-des-metiers-de-lindustrie-x-chroniquhall\/#primaryimage\"},\"image\":{\"@id\":\"https:\/\/www.hall32.fr\/ecole\/article\/challenge-des-metiers-de-lindustrie-x-chroniquhall\/#primaryimage\"},\"thumbnailUrl\":\"https:\/\/www.hall32.fr\/ecole\/wp-content\/uploads\/sites\/2\/2024\/06\/5N5A6158-min-scaled.jpg\",\"datePublished\":\"2024-06-27T07:49:52+00:00\",\"dateModified\":\"2024-06-27T07:49:53+00:00\",\"breadcrumb\":{\"@id\":\"https:\/\/www.hall32.fr\/ecole\/article\/challenge-des-metiers-de-lindustrie-x-chroniquhall\/#breadcrumb\"},\"inLanguage\":\"fr-FR\",\"potentialAction\":[{\"@type\":\"ReadAction\",\"target\":[\"https:\/\/www.hall32.fr\/ecole\/article\/challenge-des-metiers-de-lindustrie-x-chroniquhall\/\"]}]},{\"@type\":\"ImageObject\",\"inLanguage\":\"fr-FR\",\"@id\":\"https:\/\/www.hall32.fr\/ecole\/article\/challenge-des-metiers-de-lindustrie-x-chroniquhall\/#primaryimage\",\"url\":\"https:\/\/www.hall32.fr\/ecole\/wp-content\/uploads\/sites\/2\/2024\/06\/5N5A6158-min-scaled.jpg\",\"contentUrl\":\"https:\/\/www.hall32.fr\/ecole\/wp-content\/uploads\/sites\/2\/2024\/06\/5N5A6158-min-scaled.jpg\",\"width\":2560,\"height\":1707,\"caption\":\"chalenge des m\u00e9tiers de l'industrie 2024\"},{\"@type\":\"BreadcrumbList\",\"@id\":\"https:\/\/www.hall32.fr\/ecole\/article\/challenge-des-metiers-de-lindustrie-x-chroniquhall\/#breadcrumb\",\"itemListElement\":[{\"@type\":\"ListItem\",\"position\":1,\"name\":\"Actus & Agenda\",\"item\":\"https:\/\/www.hall32.fr\/ecole\/actus-et-agenda\/\"},{\"@type\":\"ListItem\",\"position\":2,\"name\":\"Actualit\u00e9s\",\"item\":\"https:\/\/www.hall32.fr\/ecole\/actus-et-agenda\/actu\/\"},{\"@type\":\"ListItem\",\"position\":3,\"name\":\"Challenge des m\u00e9tiers de l&rsquo;industrie x Chroniqu&rsquo;Hall\"}]},{\"@type\":\"WebSite\",\"@id\":\"https:\/\/www.hall32.fr\/ecole\/#website\",\"url\":\"https:\/\/www.hall32.fr\/ecole\/\",\"name\":\"Ecole\",\"description\":\"\",\"potentialAction\":[{\"@type\":\"SearchAction\",\"target\":{\"@type\":\"EntryPoint\",\"urlTemplate\":\"https:\/\/www.hall32.fr\/ecole\/?s={search_term_string}\"},\"query-input\":{\"@type\":\"PropertyValueSpecification\",\"valueRequired\":true,\"valueName\":\"search_term_string\"}}],\"inLanguage\":\"fr-FR\"}]}<\/script>\n<!-- \/ Yoast SEO plugin. -->","yoast_head_json":{"title":"Challenge des m\u00e9tiers de l'industrie x Chroniqu'Hall - Ecole","robots":{"index":"index","follow":"follow","max-snippet":"max-snippet:-1","max-image-preview":"max-image-preview:large","max-video-preview":"max-video-preview:-1"},"canonical":"https:\/\/www.hall32.fr\/ecole\/article\/challenge-des-metiers-de-lindustrie-x-chroniquhall\/","og_locale":"fr_FR","og_type":"article","og_title":"Challenge des m\u00e9tiers de l'industrie x Chroniqu'Hall - Ecole","og_description":"Hall 32 a \u00e0 c\u0153ur de mettre en avant les comp\u00e9tences de ses apprenants en participant \u00e0 des projets p\u00e9dagogiques. Cette ann\u00e9e, 2 projets ont anim\u00e9 la scolarit\u00e9 de certain de nos apprenants&nbsp;: le challenge des m\u00e9tiers de l\u2019industrie et Chroniqu\u2019hall. Pour tout savoir sur ces deux projets, lisez la suite de l\u2019article&nbsp;! Le challenge [&hellip;]","og_url":"https:\/\/www.hall32.fr\/ecole\/article\/challenge-des-metiers-de-lindustrie-x-chroniquhall\/","og_site_name":"Ecole","article_modified_time":"2024-06-27T07:49:53+00:00","og_image":[{"width":2560,"height":1707,"url":"https:\/\/www.hall32.fr\/ecole\/wp-content\/uploads\/sites\/2\/2024\/06\/5N5A6158-min-scaled.jpg","type":"image\/jpeg"}],"twitter_card":"summary_large_image","twitter_misc":{"Dur\u00e9e de lecture estim\u00e9e":"3 minutes"},"schema":{"@context":"https:\/\/schema.org","@graph":[{"@type":"WebPage","@id":"https:\/\/www.hall32.fr\/ecole\/article\/challenge-des-metiers-de-lindustrie-x-chroniquhall\/","url":"https:\/\/www.hall32.fr\/ecole\/article\/challenge-des-metiers-de-lindustrie-x-chroniquhall\/","name":"Challenge des m\u00e9tiers de l'industrie x Chroniqu'Hall - Ecole","isPartOf":{"@id":"https:\/\/www.hall32.fr\/ecole\/#website"},"primaryImageOfPage":{"@id":"https:\/\/www.hall32.fr\/ecole\/article\/challenge-des-metiers-de-lindustrie-x-chroniquhall\/#primaryimage"},"image":{"@id":"https:\/\/www.hall32.fr\/ecole\/article\/challenge-des-metiers-de-lindustrie-x-chroniquhall\/#primaryimage"},"thumbnailUrl":"https:\/\/www.hall32.fr\/ecole\/wp-content\/uploads\/sites\/2\/2024\/06\/5N5A6158-min-scaled.jpg","datePublished":"2024-06-27T07:49:52+00:00","dateModified":"2024-06-27T07:49:53+00:00","breadcrumb":{"@id":"https:\/\/www.hall32.fr\/ecole\/article\/challenge-des-metiers-de-lindustrie-x-chroniquhall\/#breadcrumb"},"inLanguage":"fr-FR","potentialAction":[{"@type":"ReadAction","target":["https:\/\/www.hall32.fr\/ecole\/article\/challenge-des-metiers-de-lindustrie-x-chroniquhall\/"]}]},{"@type":"ImageObject","inLanguage":"fr-FR","@id":"https:\/\/www.hall32.fr\/ecole\/article\/challenge-des-metiers-de-lindustrie-x-chroniquhall\/#primaryimage","url":"https:\/\/www.hall32.fr\/ecole\/wp-content\/uploads\/sites\/2\/2024\/06\/5N5A6158-min-scaled.jpg","contentUrl":"https:\/\/www.hall32.fr\/ecole\/wp-content\/uploads\/sites\/2\/2024\/06\/5N5A6158-min-scaled.jpg","width":2560,"height":1707,"caption":"chalenge des m\u00e9tiers de l'industrie 2024"},{"@type":"BreadcrumbList","@id":"https:\/\/www.hall32.fr\/ecole\/article\/challenge-des-metiers-de-lindustrie-x-chroniquhall\/#breadcrumb","itemListElement":[{"@type":"ListItem","position":1,"name":"Actus & Agenda","item":"https:\/\/www.hall32.fr\/ecole\/actus-et-agenda\/"},{"@type":"ListItem","position":2,"name":"Actualit\u00e9s","item":"https:\/\/www.hall32.fr\/ecole\/actus-et-agenda\/actu\/"},{"@type":"ListItem","position":3,"name":"Challenge des m\u00e9tiers de l&rsquo;industrie x Chroniqu&rsquo;Hall"}]},{"@type":"WebSite","@id":"https:\/\/www.hall32.fr\/ecole\/#website","url":"https:\/\/www.hall32.fr\/ecole\/","name":"Ecole","description":"","potentialAction":[{"@type":"SearchAction","target":{"@type":"EntryPoint","urlTemplate":"https:\/\/www.hall32.fr\/ecole\/?s={search_term_string}"},"query-input":{"@type":"PropertyValueSpecification","valueRequired":true,"valueName":"search_term_string"}}],"inLanguage":"fr-FR"}]}},"_links":{"self":[{"href":"https:\/\/www.hall32.fr\/ecole\/wp-json\/wp\/v2\/article\/3932","targetHints":{"allow":["GET"]}}],"collection":[{"href":"https:\/\/www.hall32.fr\/ecole\/wp-json\/wp\/v2\/article"}],"about":[{"href":"https:\/\/www.hall32.fr\/ecole\/wp-json\/wp\/v2\/types\/article"}],"wp:featuredmedia":[{"embeddable":true,"href":"https:\/\/www.hall32.fr\/ecole\/wp-json\/wp\/v2\/media\/3935"}],"wp:attachment":[{"href":"https:\/\/www.hall32.fr\/ecole\/wp-json\/wp\/v2\/media?parent=3932"}],"wp:term":[{"taxonomy":"periscope_theme_tax","embeddable":true,"href":"https:\/\/www.hall32.fr\/ecole\/wp-json\/wp\/v2\/periscope_theme_tax?post=3932"}],"curies":[{"name":"wp","href":"https:\/\/api.w.org\/{rel}","templated":true}]}}